{"id":2508,"date":"2025-10-08T14:32:04","date_gmt":"2025-10-08T14:32:04","guid":{"rendered":"https:\/\/vando.rs\/en\/?p=2508"},"modified":"2025-10-08T14:38:07","modified_gmt":"2025-10-08T14:38:07","slug":"u-gani-dodeljeno-prestizno-ipra-gwa-priznanje-pr-oskar","status":"publish","type":"post","link":"https:\/\/vando.rs\/en\/u-gani-dodeljeno-prestizno-ipra-gwa-priznanje-pr-oskar\/","title":{"rendered":"U GANI DODELJENO PRESTI\u017dNO IPRA GWA PRIZNANJE (PR OSKAR) \u00a0"},"content":{"rendered":"\n<p><strong>TIMU <\/strong><strong>V+O COMMUNICATION SRBIJA <\/strong><strong><\/strong><\/p>\n\n\n\n<p>Na sve\u010danoj ceremoniji odr\u017eanoj u Akri, glavnom gradu Gane, agencija za odnose s javno\u0161\u0107u <a href=\"https:\/\/vando.rs\/\"><strong>V+O Communication Srbija<\/strong><\/a> osvojila je presti\u017enu me\u0111unarodnu nagradu IPRA Golden World Award 2025 u kategoriji Zdravlje, za kampanju <strong>\u201eDobrodo\u0161la bebo: Na putu kroz roditeljstvo\u201c<\/strong>, realizovanu u saradnji sa brendom <a href=\"https:\/\/www.coca-cola.com\/rs\/sr\/offerings\/rosa-petnaest-godina\" target=\"_blank\" rel=\"noopener\"><strong>Rosa voda<\/strong><\/a> i uz institucionalnu podr\u0161ku <strong>Ministarstva zdravlja Republike Srbije<\/strong>.<\/p>\n\n\n\n<p>Nagradu je uru\u010dila Nata\u0161a Pavlovi\u0107 Bujas, globalna predsednica IPRA za 2024 &#8211; 2025. godinu, koju je u ime V+O Communication Srbija preuzela Marija \u0110okovi\u0107, Client Service Director agencije.<\/p>\n\n\n\n<p>Kampanja<a href=\"https:\/\/vando.rs\/vo-communication-srbija-finalista-ipra-golden-world-awards-2025-u-kategoriji-zdravstvo-za-kampanju-dobrodosla-bebo-na-putovanju-kroz-roditeljstvo\/\" data-type=\"link\" data-id=\"https:\/\/vando.rs\/vo-communication-srbija-finalista-ipra-golden-world-awards-2025-u-kategoriji-zdravstvo-za-kampanju-dobrodosla-bebo-na-putovanju-kroz-roditeljstvo\/\"> <strong>\u201eDobrodo\u0161la bebo\u201c<\/strong><\/a> obuhvatila je edukaciju za vi\u0161e od 70% patrona\u017enih sestara u Srbiji, izradu stru\u010dnih video sadr\u017eaja sa psiholozima i psihijatrima, organizaciju panela i radionica sa roditeljima \u0161irom zemlje, kao i kreiranje informativnih bro\u0161ura u saradnji sa Institutom za mentalno zdravlje. Pristup kampanje bio je vi\u0161eslojan, ali ujedinjen istim ciljem: osna\u017eivanje roditelja, pru\u017eanje relevantnih informacija i stvaranje mre\u017ee podr\u0161ke u najranijim fazama razvoja deteta.<\/p>\n\n\n\n<p>Natalija Rackovi\u0107, direktorka agencije V+O Communication Srbija, povodom dobijanja ovog presti\u017enog priznanja izjavila je<em>: \u201eDa biste dobili ovako zna\u010dajno svetsko priznanje, potrebno je, osim strate\u0161kog promi\u0161ljanja i pa\u017eljivog vo\u0111enja projekta, da izuzetno dobro poznajete koje segmente dru\u0161tva mo\u017eete unaprediti, kako u saradnji sa relevantnim institucijama i partnerima to da ostvarite, ali i da duboko razumete klijenta i njegovu industriju. Neizmernu zahvalnost dugujemo Rosa timu na ukazanom poverenju i partnerstvu na Community Related projektima koje traje du\u017ee od jedne decenije. Sre\u0107na sam \u0161to smo zajedno uspeli da napravimo zna\u010dajne pomake u segmentu roditeljstva i podr\u0161ke porodicama.<\/em><\/p>\n\n\n\n<p><a href=\"https:\/\/www.ipra.org\/\" target=\"_blank\" rel=\"noopener\">IPRA<\/a> (International Public Relations Association) Golden World Awards predstavlja jedno od najzna\u010dajnijih globalnih priznanja u oblasti odnosa s javno\u0161\u0107u, koje svake godine nagra\u0111uje kampanje iz celog sveta prepoznate po strate\u0161kom pristupu, dru\u0161tvenoj odgovornosti i stvarnom uticaju na zajednicu. U sna\u017enoj me\u0111unarodnoj konkurenciji, \u017eiri je prepoznao zna\u010daj i dru\u0161tvenu vrednost kampanje \u201eDobrodo\u0161la bebo\u201c, koja se bavi podr\u0161kom roditeljstvu u ranom periodu.<\/p>\n\n\n\n<p>Pored ovog uspeha<strong>, <\/strong><a href=\"https:\/\/www.vando.gr\/\" target=\"_blank\" rel=\"noopener\"><strong>V+O Group<\/strong><\/a> iz Gr\u010dke osvojio je dve IPRA nagrade u kategorijama: Organizacija doga\u0111aja i komunikacija u\u017eivo za 9. konferenciju \u201eNa\u0161 okean: Okean mogu\u0107nosti\u201c i u kategoriji \u017eivotna sredina \u201eCoca-Cola za Tesaliju: Od krize do akcije\u201c, \u010dime je dodatno potvr\u0111en me\u0111unarodni kvalitet i profesionalna izvrsnost celog V+O tima.<\/p>\n\n\n\n<p>Za krunu ve\u010deri, <a href=\"https:\/\/en.wikipedia.org\/wiki\/Esther_Cobbah\" target=\"_blank\" rel=\"noopener\">Esther Amba Numaba Cobbah<\/a>, predsednica Instituta za odnose s javno\u0161\u0107u (IPR) Gana, preuzela je funkciju nove predsednice Me\u0111unarodne asocijacije za odnose s javno\u0161\u0107u (IPRA) 2026, naslediv\u0161i <a href=\"https:\/\/sr.wikipedia.org\/wiki\/Nata%C5%A1a_Pavlovi%C4%87_Bujas\" target=\"_blank\" rel=\"noopener\">Nata\u0161u Pavlovi\u0107 Bujas<\/a>. Sa prostora afri\u010dkog kontinenta, Ester je prva osoba imenovana na ovako visoku poziciju u IPRA &#8211; 70 godina staroj globalnoj organizaciji PR profesionalaca, pa je ovo istorijski trenutak i dodatni izvor ponosa za sve koleginice i kolege sa ovog kontinenta.<\/p>\n\n\n\n<figure class=\"wp-block-gallery has-nested-images columns-default is-cropped wp-block-gallery-1 is-layout-flex wp-block-gallery-is-layout-flex\">\n<figure class=\"wp-block-image size-large\"><img fetchpriority=\"high\" decoding=\"async\" width=\"1024\" height=\"683\" data-id=\"2511\" src=\"https:\/\/vando.rs\/en\/wp-content\/uploads\/2025\/10\/Marija-Djokovic-Client-Service-Director-VO-Communication-Srbija-1024x683.jpg\" alt=\"\" class=\"wp-image-2511\" srcset=\"https:\/\/vando.rs\/en\/wp-content\/uploads\/2025\/10\/Marija-Djokovic-Client-Service-Director-VO-Communication-Srbija-1024x683.jpg 1024w, https:\/\/vando.rs\/en\/wp-content\/uploads\/2025\/10\/Marija-Djokovic-Client-Service-Director-VO-Communication-Srbija-300x200.jpg 300w, https:\/\/vando.rs\/en\/wp-content\/uploads\/2025\/10\/Marija-Djokovic-Client-Service-Director-VO-Communication-Srbija-768x512.jpg 768w, https:\/\/vando.rs\/en\/wp-content\/uploads\/2025\/10\/Marija-Djokovic-Client-Service-Director-VO-Communication-Srbija-1536x1024.jpg 1536w, https:\/\/vando.rs\/en\/wp-content\/uploads\/2025\/10\/Marija-Djokovic-Client-Service-Director-VO-Communication-Srbija.jpg 2048w\" sizes=\"(max-width: 1024px) 100vw, 1024px\" \/><\/figure>\n\n\n\n<figure class=\"wp-block-image size-large\"><img decoding=\"async\" width=\"1024\" height=\"683\" data-id=\"2510\" src=\"https:\/\/vando.rs\/en\/wp-content\/uploads\/2025\/10\/Esther-Amba-Numaba-Cobbah-globalna-predsednica-IPRA-2026-Natasa-Pavlovic-Bujas-globalna-predsednica-IPRA-2024-2025.jpg\" alt=\"\" class=\"wp-image-2510\" srcset=\"https:\/\/vando.rs\/en\/wp-content\/uploads\/2025\/10\/Esther-Amba-Numaba-Cobbah-globalna-predsednica-IPRA-2026-Natasa-Pavlovic-Bujas-globalna-predsednica-IPRA-2024-2025.jpg 1024w, https:\/\/vando.rs\/en\/wp-content\/uploads\/2025\/10\/Esther-Amba-Numaba-Cobbah-globalna-predsednica-IPRA-2026-Natasa-Pavlovic-Bujas-globalna-predsednica-IPRA-2024-2025-300x200.jpg 300w, https:\/\/vando.rs\/en\/wp-content\/uploads\/2025\/10\/Esther-Amba-Numaba-Cobbah-globalna-predsednica-IPRA-2026-Natasa-Pavlovic-Bujas-globalna-predsednica-IPRA-2024-2025-768x512.jpg 768w\" sizes=\"(max-width: 1024px) 100vw, 1024px\" \/><\/figure>\n\n\n\n<figure class=\"wp-block-image size-large\"><img decoding=\"async\" width=\"1024\" height=\"683\" data-id=\"2512\" src=\"https:\/\/vando.rs\/en\/wp-content\/uploads\/2025\/10\/Marija-Djokovic-Client-Service-Director-VO-Communication-Srbija-Natasa-Pavlovic-Bujas-globalna-predsednica-IPRA-2024-2025-1-1024x683.jpg\" alt=\"\" class=\"wp-image-2512\" srcset=\"https:\/\/vando.rs\/en\/wp-content\/uploads\/2025\/10\/Marija-Djokovic-Client-Service-Director-VO-Communication-Srbija-Natasa-Pavlovic-Bujas-globalna-predsednica-IPRA-2024-2025-1-1024x683.jpg 1024w, https:\/\/vando.rs\/en\/wp-content\/uploads\/2025\/10\/Marija-Djokovic-Client-Service-Director-VO-Communication-Srbija-Natasa-Pavlovic-Bujas-globalna-predsednica-IPRA-2024-2025-1-300x200.jpg 300w, https:\/\/vando.rs\/en\/wp-content\/uploads\/2025\/10\/Marija-Djokovic-Client-Service-Director-VO-Communication-Srbija-Natasa-Pavlovic-Bujas-globalna-predsednica-IPRA-2024-2025-1-768x512.jpg 768w, https:\/\/vando.rs\/en\/wp-content\/uploads\/2025\/10\/Marija-Djokovic-Client-Service-Director-VO-Communication-Srbija-Natasa-Pavlovic-Bujas-globalna-predsednica-IPRA-2024-2025-1-1536x1025.jpg 1536w, https:\/\/vando.rs\/en\/wp-content\/uploads\/2025\/10\/Marija-Djokovic-Client-Service-Director-VO-Communication-Srbija-Natasa-Pavlovic-Bujas-globalna-predsednica-IPRA-2024-2025-1.jpg 2048w\" sizes=\"(max-width: 1024px) 100vw, 1024px\" \/><\/figure>\n<\/figure>\n\n\n\n<p><\/p>\n","protected":false},"excerpt":{"rendered":"<p>TIMU V+O COMMUNICATION SRBIJA Na sve\u010danoj ceremoniji odr\u017eanoj u Akri, glavnom gradu Gane, agencija za odnose s javno\u0161\u0107u V+O Communication Srbija osvojila je presti\u017enu me\u0111unarodnu nagradu IPRA Golden World Award 2025 u kategoriji Zdravlje, za kampanju \u201eDobrodo\u0161la bebo: Na putu kroz roditeljstvo\u201c, realizovanu u saradnji sa brendom Rosa voda i uz institucionalnu podr\u0161ku Ministarstva zdravlja [&hellip;]<\/p>\n","protected":false},"author":3,"featured_media":2511,"comment_status":"open","ping_status":"open","sticky":false,"template":"","format":"standard","meta":{"_acf_changed":false,"footnotes":""},"categories":[1],"tags":[],"class_list":["post-2508","post","type-post","status-publish","format-standard","has-post-thumbnail","hentry","category-uncategorized"],"acf":[],"_links":{"self":[{"href":"https:\/\/vando.rs\/en\/wp-json\/wp\/v2\/posts\/2508","targetHints":{"allow":["GET"]}}],"collection":[{"href":"https:\/\/vando.rs\/en\/wp-json\/wp\/v2\/posts"}],"about":[{"href":"https:\/\/vando.rs\/en\/wp-json\/wp\/v2\/types\/post"}],"author":[{"embeddable":true,"href":"https:\/\/vando.rs\/en\/wp-json\/wp\/v2\/users\/3"}],"replies":[{"embeddable":true,"href":"https:\/\/vando.rs\/en\/wp-json\/wp\/v2\/comments?post=2508"}],"version-history":[{"count":1,"href":"https:\/\/vando.rs\/en\/wp-json\/wp\/v2\/posts\/2508\/revisions"}],"predecessor-version":[{"id":2513,"href":"https:\/\/vando.rs\/en\/wp-json\/wp\/v2\/posts\/2508\/revisions\/2513"}],"wp:featuredmedia":[{"embeddable":true,"href":"https:\/\/vando.rs\/en\/wp-json\/wp\/v2\/media\/2511"}],"wp:attachment":[{"href":"https:\/\/vando.rs\/en\/wp-json\/wp\/v2\/media?parent=2508"}],"wp:term":[{"taxonomy":"category","embeddable":true,"href":"https:\/\/vando.rs\/en\/wp-json\/wp\/v2\/categories?post=2508"},{"taxonomy":"post_tag","embeddable":true,"href":"https:\/\/vando.rs\/en\/wp-json\/wp\/v2\/tags?post=2508"}],"curies":[{"name":"wp","href":"https:\/\/api.w.org\/{rel}","templated":true}]}}